{"id":2191,"date":"2015-11-23T09:24:12","date_gmt":"2015-11-23T07:24:12","guid":{"rendered":"http:\/\/faehrtenteam-colonia.de\/?p=2191"},"modified":"2015-11-28T19:24:29","modified_gmt":"2015-11-28T17:24:29","slug":"seminar-beim-dobermannverein-koeln-21-22-november-2015","status":"publish","type":"post","link":"http:\/\/faehrtenteam-colonia.de\/?p=2191","title":{"rendered":"Seminar beim Dobermannverein K\u00f6ln 21.-22. November 2015"},"content":{"rendered":"<div id=\"attachment_2198\" style=\"width: 310px\" class=\"wp-caption aligncenter\"><a href=\"http:\/\/faehrtenteam-colonia.de\/?attachment_id=2198\"><img loading=\"lazy\" decoding=\"async\" aria-describedby=\"caption-attachment-2198\" class=\"wp-image-2198 size-medium\" src=\"http:\/\/faehrtenteam-colonia.de\/wp-content\/uploads\/2015\/11\/IMG_3832a-300x225.jpg\" alt=\"F\u00e4hrtenseminar beim Dobermannverein Abt. K\u00f6ln am 21. und 22. November 2015                \" width=\"300\" height=\"225\" srcset=\"http:\/\/faehrtenteam-colonia.de\/wp-content\/uploads\/2015\/11\/IMG_3832a-300x225.jpg 300w, http:\/\/faehrtenteam-colonia.de\/wp-content\/uploads\/2015\/11\/IMG_3832a.jpg 400w\" sizes=\"(max-width: 300px) 100vw, 300px\" \/><\/a><p id=\"caption-attachment-2198\" class=\"wp-caption-text\">F\u00e4hrtenseminar beim Dobermannverein Abt. K\u00f6ln<br \/> am 21. und 22. November 2015 \u00a0 \u00a0 \u00a0 \u00a0 \u00a0 \u00a0 \u00a0 \u00a0 \u00a0 \u00a0 \u00a0 \u00a0 \u00a0 \u00a0 \u00a0 \u00a0 \u00a0 \u00a0 \u00a0 \u00a0f\u00fcr weitere Bilder auf das Bild klicken<\/p><\/div>\n<h2 style=\"text-align: center;\">F\u00e4hrtenseminar vom\u00a021.-22. November 2015<\/h2>\n<h2>\u00a0 \u00a0 \u00a0 \u00a0 \u00a0 \u00a0 \u00a0 \u00a0 \u00a0 \u00a0 \u00a0 \u00a0 \u00a0 \u00a0 \u00a0 \u00a0 \u00a0 \u00a0 beim Dobermannverein K\u00f6ln<\/h2>\n<p>Das diesj\u00e4hrige F\u00e4hrtenseminar begann an beiden Tagen mit einem gemeinsamen Fr\u00fchst\u00fcck im Vereinsheim. Das in der N\u00e4he liegende F\u00e4hrtengel\u00e4nde bestand an beiden Tagen aus Brachland. Nach dem Fr\u00fchst\u00fcck legten alle Hundef\u00fchrer\/innen nacheinander eine F\u00e4hrte f\u00fcr ihren Hund, diese wurden mit mir gemeinsam nacheinander abgesucht. F\u00fcr die n\u00e4chsten F\u00e4hrten wurde mit den Hundef\u00fchrer\/innen abgesprochen was sie beim Legen ver\u00e4ndern k\u00f6nnen. Da wir gemeinsam beschlossen hatten uns den ganzen Tag im Gel\u00e4nde aufzuhalten gab es an beiden Tagen reichlich Verpflegung. An dem Seminar nahmen 10 Hundef\u00fchrer\/innen mit 12 Hunden teil, davon einige Hunde die vorher noch nicht gef\u00e4hrtet hatten. Da alle Hundef\u00fchrer\/innen sehr interessiert und flei\u00dfig waren konnten sich alle Hunde sehr sch\u00f6n weiterentwickeln. An beiden Abenden wurden wir von Gabi sehr lecker und reichhaltig verpflegt, daf\u00fcr noch mal vielen Dank. Wir denken das alle\u00a0Hundef\u00fchrer\/innen und Hunde viel Neues gelernt haben. \u00a0 \u00a0 \u00a0 \u00a0 \u00a0 \u00a0 \u00a0 \u00a0 \u00a0 \u00a0 \u00a0 \u00a0 \u00a0 \u00a0 \u00a0 \u00a0 \u00a0 \u00a0 \u00a0 \u00a0 \u00a0\u00a0Jeder Teilnehmer bekam eine schriftliche Ausarbeitung und das Angebot mit eventuellen Fragen sich jederzeit an mich wenden zu k\u00f6nnen. \u00a0 \u00a0 \u00a0 \u00a0 \u00a0 \u00a0 \u00a0 \u00a0 \u00a0 \u00a0 \u00a0 \u00a0 \u00a0 \u00a0 \u00a0 \u00a0 \u00a0 \u00a0 \u00a0 \u00a0 \u00a0 \u00a0 \u00a0 \u00a0 \u00a0 \u00a0 \u00a0 \u00a0\u00a0\u00a0 \u00a0 \u00a0 \u00a0 \u00a0 \u00a0Uns hat es wieder ein mal sehr viel Spa\u00df gemacht, alle Teilnehmer waren sehr flei\u00dfig und das Wetter war f\u00fcr die Jahreszeit sehr gut.<\/p>\n<h3><\/h3>\n","protected":false},"excerpt":{"rendered":"<p>F\u00e4hrtenseminar vom\u00a021.-22. November 2015 \u00a0 \u00a0 \u00a0 \u00a0 \u00a0 \u00a0 \u00a0 \u00a0 \u00a0 \u00a0 \u00a0 \u00a0 \u00a0 \u00a0 \u00a0 \u00a0 \u00a0 \u00a0 beim Dobermannverein K\u00f6ln Das diesj\u00e4hrige F\u00e4hrtenseminar begann an beiden Tagen mit einem gemeinsamen Fr\u00fchst\u00fcck im Vereinsheim. Das in &hellip; <a href=\"http:\/\/faehrtenteam-colonia.de\/?p=2191\">Weiterlesen <span class=\"meta-nav\">&rarr;<\/span><\/a><\/p>\n","protected":false},"author":1,"featured_media":0,"comment_status":"open","ping_status":"open","sticky":false,"template":"","format":"standard","meta":{"footnotes":""},"categories":[4,5],"tags":[],"_links":{"self":[{"href":"http:\/\/faehrtenteam-colonia.de\/index.php?rest_route=\/wp\/v2\/posts\/2191"}],"collection":[{"href":"http:\/\/faehrtenteam-colonia.de\/index.php?rest_route=\/wp\/v2\/posts"}],"about":[{"href":"http:\/\/faehrtenteam-colonia.de\/index.php?rest_route=\/wp\/v2\/types\/post"}],"author":[{"embeddable":true,"href":"http:\/\/faehrtenteam-colonia.de\/index.php?rest_route=\/wp\/v2\/users\/1"}],"replies":[{"embeddable":true,"href":"http:\/\/faehrtenteam-colonia.de\/index.php?rest_route=%2Fwp%2Fv2%2Fcomments&post=2191"}],"version-history":[{"count":12,"href":"http:\/\/faehrtenteam-colonia.de\/index.php?rest_route=\/wp\/v2\/posts\/2191\/revisions"}],"predecessor-version":[{"id":2246,"href":"http:\/\/faehrtenteam-colonia.de\/index.php?rest_route=\/wp\/v2\/posts\/2191\/revisions\/2246"}],"wp:attachment":[{"href":"http:\/\/faehrtenteam-colonia.de\/index.php?rest_route=%2Fwp%2Fv2%2Fmedia&parent=2191"}],"wp:term":[{"taxonomy":"category","embeddable":true,"href":"http:\/\/faehrtenteam-colonia.de\/index.php?rest_route=%2Fwp%2Fv2%2Fcategories&post=2191"},{"taxonomy":"post_tag","embeddable":true,"href":"http:\/\/faehrtenteam-colonia.de\/index.php?rest_route=%2Fwp%2Fv2%2Ftags&post=2191"}],"curies":[{"name":"wp","href":"https:\/\/api.w.org\/{rel}","templated":true}]}}